{"id":40,"date":"2018-09-26T18:52:50","date_gmt":"2018-09-26T16:52:50","guid":{"rendered":"http:\/\/danslevif.fr\/?p=40"},"modified":"2018-09-28T21:38:25","modified_gmt":"2018-09-28T19:38:25","slug":"residence-a-poullaouen","status":"publish","type":"post","link":"https:\/\/danslevif.fr\/?p=40","title":{"rendered":"R\u00e9sidence \u00e0 Poullaouen"},"content":{"rendered":"<p style=\"text-align: justify;\">Notre \u00e9dition 2018 s\u2019ouvre en ce mois de juillet 2018 \u00e0 <a href=\"http:\/\/laquincaille.com\/\" target=\"_blank\" rel=\"noopener\">la Quincaille<\/a> \u00e0 Poullaouen dans le Finist\u00e8re. La Quincaille est une fabrique artistique, une maison pour artistes et une compagnie. Nous y accueillons les auteurs pour un tout premier temps de travail.<\/p>\n<p style=\"text-align: justify;\">Mariette Navarro rend compte dans <a href=\"http:\/\/petit-oiseau-de-revolution.eklablog.com\/dans-le-vif-premiere-residence-a146370456\" target=\"_blank\" rel=\"noopener\">un article de son blog<\/a> des r\u00e9flexions et des r\u00eaveries qui s\u2019amorcent autour de la th\u00e9matique que nous avons lanc\u00e9e, <em>D\u00e9lits de solidarit\u00e9s<\/em>.<\/p>\n<p style=\"text-align: justify;\">C\u2019est l\u2019occasion d&#8217;aller faire un tour sur <a href=\"http:\/\/petit-oiseau-de-revolution.eklablog.com\" target=\"_blank\" rel=\"noopener\">le blog de Mariette<\/a> et de d\u00e9couvrir plus avant son travail d&#8217;autrice et de dramaturge.<\/p>\n<figure id=\"attachment_53\" aria-describedby=\"caption-attachment-53\" style=\"width: 600px\" class=\"wp-caption aligncenter\"><img decoding=\"async\" loading=\"lazy\" class=\"wp-image-53\" src=\"http:\/\/danslevif.fr\/wp-content\/uploads\/2018\/09\/Dans-le-vif-2018-\u00a9-La-Quincaille-2-300x218.jpg\" alt=\"\" width=\"600\" height=\"437\" srcset=\"https:\/\/danslevif.fr\/wp-content\/uploads\/2018\/09\/Dans-le-vif-2018-\u00a9-La-Quincaille-2-300x218.jpg 300w, https:\/\/danslevif.fr\/wp-content\/uploads\/2018\/09\/Dans-le-vif-2018-\u00a9-La-Quincaille-2-768x559.jpg 768w, https:\/\/danslevif.fr\/wp-content\/uploads\/2018\/09\/Dans-le-vif-2018-\u00a9-La-Quincaille-2-400x291.jpg 400w, https:\/\/danslevif.fr\/wp-content\/uploads\/2018\/09\/Dans-le-vif-2018-\u00a9-La-Quincaille-2.jpg 960w\" sizes=\"(max-width: 600px) 100vw, 600px\" \/><figcaption id=\"caption-attachment-53\" class=\"wp-caption-text\">\u00a9 La Quincaille<\/figcaption><\/figure>\n","protected":false},"excerpt":{"rendered":"<p>Notre \u00e9dition 2018 s\u2019ouvre en ce mois de juillet 2018 \u00e0 la Quincaille \u00e0 Poullaouen dans le Finist\u00e8re. La Quincaille est une fabrique artistique, une maison pour artistes et une compagnie. Nous y accueillons les auteurs pour un tout premier temps de travail. Mariette Navarro rend compte dans un article de son blog des r\u00e9flexions &hellip; <a href=\"https:\/\/danslevif.fr\/?p=40\" class=\"more-link\">Continue reading <span class=\"screen-reader-text\">R\u00e9sidence \u00e0 Poullaouen<\/span><\/a><\/p>\n","protected":false},"author":1,"featured_media":0,"comment_status":"open","ping_status":"open","sticky":false,"template":"","format":"standard","meta":{"footnotes":""},"categories":[1],"tags":[],"jetpack_sharing_enabled":true,"jetpack_featured_media_url":"","_links":{"self":[{"href":"https:\/\/danslevif.fr\/index.php?rest_route=\/wp\/v2\/posts\/40"}],"collection":[{"href":"https:\/\/danslevif.fr\/index.php?rest_route=\/wp\/v2\/posts"}],"about":[{"href":"https:\/\/danslevif.fr\/index.php?rest_route=\/wp\/v2\/types\/post"}],"author":[{"embeddable":true,"href":"https:\/\/danslevif.fr\/index.php?rest_route=\/wp\/v2\/users\/1"}],"replies":[{"embeddable":true,"href":"https:\/\/danslevif.fr\/index.php?rest_route=%2Fwp%2Fv2%2Fcomments&post=40"}],"version-history":[{"count":9,"href":"https:\/\/danslevif.fr\/index.php?rest_route=\/wp\/v2\/posts\/40\/revisions"}],"predecessor-version":[{"id":69,"href":"https:\/\/danslevif.fr\/index.php?rest_route=\/wp\/v2\/posts\/40\/revisions\/69"}],"wp:attachment":[{"href":"https:\/\/danslevif.fr\/index.php?rest_route=%2Fwp%2Fv2%2Fmedia&parent=40"}],"wp:term":[{"taxonomy":"category","embeddable":true,"href":"https:\/\/danslevif.fr\/index.php?rest_route=%2Fwp%2Fv2%2Fcategories&post=40"},{"taxonomy":"post_tag","embeddable":true,"href":"https:\/\/danslevif.fr\/index.php?rest_route=%2Fwp%2Fv2%2Ftags&post=40"}],"curies":[{"name":"wp","href":"https:\/\/api.w.org\/{rel}","templated":true}]}}